{"id":903,"date":"2025-10-26T06:00:00","date_gmt":"2025-10-26T05:00:00","guid":{"rendered":"https:\/\/kernbeisser.world\/?p=903"},"modified":"2025-10-25T14:32:45","modified_gmt":"2025-10-25T12:32:45","slug":"herbstzeitenmantel","status":"publish","type":"post","link":"https:\/\/kernbeisser.world\/?p=903","title":{"rendered":"Herbstzeitenmantel"},"content":{"rendered":"\n<p class=\"has-text-align-center\">Ich sammle Farben<\/p>\n\n\n\n<p class=\"has-text-align-center\">und buntes Licht.<\/p>\n\n\n\n<p class=\"has-text-align-center\">Damit stricke ich<\/p>\n\n\n\n<p class=\"has-text-align-center\">einen Mantel,<\/p>\n\n\n\n<p class=\"has-text-align-center\">der mich w\u00e4rmt.<\/p>\n\n\n\n<p class=\"has-text-align-center\">Einen Mantel<\/p>\n\n\n\n<p class=\"has-text-align-center\">aus Farbe und Licht,<\/p>\n\n\n\n<p class=\"has-text-align-center\">der mich umh\u00fcllt,<\/p>\n\n\n\n<p class=\"has-text-align-center\">wenn ich<\/p>\n\n\n\n<p class=\"has-text-align-center\">durch<\/p>\n\n\n\n<p class=\"has-text-align-center\">die k\u00fchlen<\/p>\n\n\n\n<p class=\"has-text-align-center\">Winde<\/p>\n\n\n\n<p class=\"has-text-align-center\">gehe.<\/p>\n\n\n\n<p><\/p>\n","protected":false},"excerpt":{"rendered":"<p>Ich sammle Farben und buntes Licht. Damit stricke ich einen Mantel, der mich w\u00e4rmt. Einen Mantel aus Farbe und Licht, der mich umh\u00fcllt, wenn ich durch die k\u00fchlen Winde gehe.<\/p>\n","protected":false},"author":2,"featured_media":902,"comment_status":"open","ping_status":"open","sticky":false,"template":"","format":"standard","meta":{"inline_featured_image":false,"footnotes":""},"categories":[6],"tags":[161,165,42],"class_list":["post-903","post","type-post","status-publish","format-standard","has-post-thumbnail","hentry","category-kerngedanken","tag-herbst","tag-jetzt","tag-selbstfuersorge"],"_links":{"self":[{"href":"https:\/\/kernbeisser.world\/index.php?rest_route=\/wp\/v2\/posts\/903","targetHints":{"allow":["GET"]}}],"collection":[{"href":"https:\/\/kernbeisser.world\/index.php?rest_route=\/wp\/v2\/posts"}],"about":[{"href":"https:\/\/kernbeisser.world\/index.php?rest_route=\/wp\/v2\/types\/post"}],"author":[{"embeddable":true,"href":"https:\/\/kernbeisser.world\/index.php?rest_route=\/wp\/v2\/users\/2"}],"replies":[{"embeddable":true,"href":"https:\/\/kernbeisser.world\/index.php?rest_route=%2Fwp%2Fv2%2Fcomments&post=903"}],"version-history":[{"count":1,"href":"https:\/\/kernbeisser.world\/index.php?rest_route=\/wp\/v2\/posts\/903\/revisions"}],"predecessor-version":[{"id":904,"href":"https:\/\/kernbeisser.world\/index.php?rest_route=\/wp\/v2\/posts\/903\/revisions\/904"}],"wp:featuredmedia":[{"embeddable":true,"href":"https:\/\/kernbeisser.world\/index.php?rest_route=\/wp\/v2\/media\/902"}],"wp:attachment":[{"href":"https:\/\/kernbeisser.world\/index.php?rest_route=%2Fwp%2Fv2%2Fmedia&parent=903"}],"wp:term":[{"taxonomy":"category","embeddable":true,"href":"https:\/\/kernbeisser.world\/index.php?rest_route=%2Fwp%2Fv2%2Fcategories&post=903"},{"taxonomy":"post_tag","embeddable":true,"href":"https:\/\/kernbeisser.world\/index.php?rest_route=%2Fwp%2Fv2%2Ftags&post=903"}],"curies":[{"name":"wp","href":"https:\/\/api.w.org\/{rel}","templated":true}]}}